{"id":1182,"date":"2024-08-27T08:52:29","date_gmt":"2024-08-27T12:52:29","guid":{"rendered":"https:\/\/sinduscon-rr.org.br\/blog\/?p=1182"},"modified":"2024-08-28T09:05:27","modified_gmt":"2024-08-28T13:05:27","slug":"acordo-garante-o-reajuste-salarial-para-os-trabalhadores-da-construcao-civil-de-roraima","status":"publish","type":"post","link":"https:\/\/sinduscon-rr.org.br\/blog\/acordo-garante-o-reajuste-salarial-para-os-trabalhadores-da-construcao-civil-de-roraima\/","title":{"rendered":"Acordo garante o reajuste   salarial de 5,8% para os trabalhadores da Constru\u00e7\u00e3o Civil de Roraima"},"content":{"rendered":"\n<p>O Sindicato da Ind\u00fastria da Constru\u00e7\u00e3o do Estado de Roraima (Sinduscon-RR) e o Sindicato dos Trabalhadores da Ind\u00fastria da Constru\u00e7\u00e3o do Estado e do Mobili\u00e1rio do Estado de Roraima (Sintracomo-RR) definiram os termos da negocia\u00e7\u00e3o para o reajuste da categoria da constru\u00e7\u00e3o civil. O \u00edndice de reajuste definido para as fun\u00e7\u00f5es previstas na Conven\u00e7\u00e3o Coletiva vigente foi de 5,8%.<\/p>\n\n\n\n<p><br>De acordo com o vice-presidente do Sinduscon-RR e membro da comiss\u00e3o de negocia\u00e7\u00e3o, Edgilson Dantas, \u201cNeste acordo, mesmo considerando todas as dificuldades enfrentadas pelas empresas, foi poss\u00edvel conceder um reajuste acima da infla\u00e7\u00e3o. Buscamos priorizar a manuten\u00e7\u00e3o dos empregos, com a perspectiva de melhorias para o segmento da Constru\u00e7\u00e3o Civil, que \u00e9 um dos principais setores industriais do pa\u00eds\u201d, frisou.<\/p>\n\n\n\n<p><img loading=\"lazy\" decoding=\"async\" width=\"1000\" height=\"1333\" class=\"wp-image-1185\" style=\"width: 1000px;\" src=\"https:\/\/sinduscon-rr.org.br\/blog\/wp-content\/uploads\/2024\/08\/postar-scaled.jpeg\" alt=\"\" srcset=\"https:\/\/sinduscon-rr.org.br\/blog\/wp-content\/uploads\/2024\/08\/postar-scaled.jpeg 1920w, https:\/\/sinduscon-rr.org.br\/blog\/wp-content\/uploads\/2024\/08\/postar-225x300.jpeg 225w, https:\/\/sinduscon-rr.org.br\/blog\/wp-content\/uploads\/2024\/08\/postar-768x1024.jpeg 768w, https:\/\/sinduscon-rr.org.br\/blog\/wp-content\/uploads\/2024\/08\/postar-1152x1536.jpeg 1152w, https:\/\/sinduscon-rr.org.br\/blog\/wp-content\/uploads\/2024\/08\/postar-1536x2048.jpeg 1536w, https:\/\/sinduscon-rr.org.br\/blog\/wp-content\/uploads\/2024\/08\/postar-1200x1600.jpeg 1200w, https:\/\/sinduscon-rr.org.br\/blog\/wp-content\/uploads\/2024\/08\/postar-1980x2640.jpeg 1980w\" sizes=\"auto, (max-width: 1000px) 100vw, 1000px\" \/><br><br>\u201cO acordo tamb\u00e9m contemplou com reajustes a cesta b\u00e1sica, caf\u00e9 da manh\u00e3 e o almo\u00e7o, sendo esses em percentuais diferentes daquele fixado para o sal\u00e1rio e que ser\u00e3o oportunamente noticiados em aditivo \u00e0 Conven\u00e7\u00e3o. Aumentos significativos, considerando que a infla\u00e7\u00e3o acumulada nos \u00faltimos 12 meses at\u00e9 julho, ficou em 4,06%, com base no INPC, divulgado pelo Instituto Brasileiro de Geografia e Estat\u00edstica [IBGE]\u201d, concluiu.<br><br>A corre\u00e7\u00e3o passa a valer no dia 1\u00ba de setembro, data-base da categoria.<br><br>Participaram do processo de negocia\u00e7\u00e3o os empres\u00e1rios: Edgilson Dantas \u2013 Eds Constru\u00e7\u00f5es; Samuel Santos \u2013 Virtus Empreendimentos; Roberto Santos \u2013 Conpav Consultoria; Pablo Souza \u2013 Peta Constru\u00e7\u00f5es e o Assessor Jur\u00eddico da FIER, Dr. Maclison Chagas. <br><br>O Termo Aditivo a Conven\u00e7\u00e3o Coletiva de Trabalho 2023\/2025 ser\u00e1 disponibilizado no site do Sinduscon-RR ap\u00f3s homologa\u00e7\u00e3o pela secret\u00e1ria do Trabalho do Minist\u00e9rio do Trabalho e Previd\u00eancia.<\/p>\n\n\n\n<p><\/p>\n\n\n\n<p>Por: SINDUSCON\/RR<br><\/p>\n","protected":false},"excerpt":{"rendered":"<p>O Sindicato da Ind\u00fastria da Constru\u00e7\u00e3o do Estado de Roraima (Sinduscon-RR) e o Sindicato dos Trabalhadores da Ind\u00fastria da Constru\u00e7\u00e3o do Estado e do Mobili\u00e1rio do Estado de Roraima (Sintracomo-RR) definiram os termos da negocia\u00e7\u00e3o para o reajuste da categoria da constru\u00e7\u00e3o civil. O \u00edndice de reajuste definido para as fun\u00e7\u00f5es previstas na Conven\u00e7\u00e3o Coletiva [&hellip;]<\/p>\n","protected":false},"author":1,"featured_media":1186,"comment_status":"open","ping_status":"open","sticky":false,"template":"","format":"standard","meta":{"footnotes":""},"categories":[1],"tags":[],"class_list":["post-1182","post","type-post","status-publish","format-standard","has-post-thumbnail","hentry","category-sem-categoria"],"_links":{"self":[{"href":"https:\/\/sinduscon-rr.org.br\/blog\/wp-json\/wp\/v2\/posts\/1182","targetHints":{"allow":["GET"]}}],"collection":[{"href":"https:\/\/sinduscon-rr.org.br\/blog\/wp-json\/wp\/v2\/posts"}],"about":[{"href":"https:\/\/sinduscon-rr.org.br\/blog\/wp-json\/wp\/v2\/types\/post"}],"author":[{"embeddable":true,"href":"https:\/\/sinduscon-rr.org.br\/blog\/wp-json\/wp\/v2\/users\/1"}],"replies":[{"embeddable":true,"href":"https:\/\/sinduscon-rr.org.br\/blog\/wp-json\/wp\/v2\/comments?post=1182"}],"version-history":[{"count":4,"href":"https:\/\/sinduscon-rr.org.br\/blog\/wp-json\/wp\/v2\/posts\/1182\/revisions"}],"predecessor-version":[{"id":1189,"href":"https:\/\/sinduscon-rr.org.br\/blog\/wp-json\/wp\/v2\/posts\/1182\/revisions\/1189"}],"wp:featuredmedia":[{"embeddable":true,"href":"https:\/\/sinduscon-rr.org.br\/blog\/wp-json\/wp\/v2\/media\/1186"}],"wp:attachment":[{"href":"https:\/\/sinduscon-rr.org.br\/blog\/wp-json\/wp\/v2\/media?parent=1182"}],"wp:term":[{"taxonomy":"category","embeddable":true,"href":"https:\/\/sinduscon-rr.org.br\/blog\/wp-json\/wp\/v2\/categories?post=1182"},{"taxonomy":"post_tag","embeddable":true,"href":"https:\/\/sinduscon-rr.org.br\/blog\/wp-json\/wp\/v2\/tags?post=1182"}],"curies":[{"name":"wp","href":"https:\/\/api.w.org\/{rel}","templated":true}]}}