{"id":1434,"date":"2025-09-02T07:56:32","date_gmt":"2025-09-02T11:56:32","guid":{"rendered":"https:\/\/sinduscon-rr.org.br\/blog\/?p=1434"},"modified":"2025-09-04T08:00:34","modified_gmt":"2025-09-04T12:00:34","slug":"sinduscon-rr-apresenta-resultados-do-8o-censo-imobiliario-de-boa-vista","status":"publish","type":"post","link":"https:\/\/sinduscon-rr.org.br\/blog\/sinduscon-rr-apresenta-resultados-do-8o-censo-imobiliario-de-boa-vista\/","title":{"rendered":"Sinduscon-RR apresenta resultados do 8\u00ba Censo Imobili\u00e1rio de Boa Vista"},"content":{"rendered":"\n<p>No pr\u00f3ximo dia 10 de setembro (quarta-feira), \u00e0s 15h, ser\u00e1 realizada a apresenta\u00e7\u00e3o do 8\u00ba Censo Imobili\u00e1rio de Boa Vista, com os resultados mais recentes referentes ao 1\u00ba semestre de 2025. \ud83d\udcd1<br><br>O evento trar\u00e1 dados atualizados sobre a din\u00e2mica do mercado imobili\u00e1rio local, oferta, pre\u00e7o e a tend\u00eancia do setor dentro da cidade de Boa Vista\/RR compilados pela BRAIN Intelig\u00eancia Estrat\u00e9gica e apresentados pelo gestor Anderson Gon\u00e7alves. \ud83d\udcca<br><br>\ud83d\udd39 Evento exclusivo para empresas associadas, convidados (as) e imprensa.<br><br>S\u00e3o convidados os associados do Sinduscon-RR, institui\u00e7\u00f5es financeiras e a imprensa. <br><br>Esta \u00e9 uma iniciativa realizada pelo Sinduscon-RR, com o apoio da Federa\u00e7\u00e3o das Ind\u00fastrias do Estado de Roraima (FIER) e do Sebrae-RR, refor\u00e7ando a import\u00e2ncia da uni\u00e3o institucional para promover maior transpar\u00eancia e competitividade ao setor da Constru\u00e7\u00e3o Civil.<br><br>A cada edi\u00e7\u00e3o, o Sinduscon-RR promove uma coletiva de imprensa para compartilhar os resultados, garantindo o di\u00e1logo aberto com os ve\u00edculos de comunica\u00e7\u00e3o, empres\u00e1rios e sociedade. O compromisso da entidade \u00e9 evidenciar o papel estrat\u00e9gico da constru\u00e7\u00e3o civil no desenvolvimento econ\u00f4mico e social de Roraima.<br><br>Mais informa\u00e7\u00f5es:<br>\ud83d\udce7 sindusconrr@gmail.com<br>\u260e (95) 99130-3336 | <br><\/p>\n","protected":false},"excerpt":{"rendered":"<p>No pr\u00f3ximo dia 10 de setembro (quarta-feira), \u00e0s 15h, ser\u00e1 realizada a apresenta\u00e7\u00e3o do 8\u00ba Censo Imobili\u00e1rio de Boa Vista, com os resultados mais recentes referentes ao 1\u00ba semestre de 2025. \ud83d\udcd1 O evento trar\u00e1 dados atualizados sobre a din\u00e2mica do mercado imobili\u00e1rio local, oferta, pre\u00e7o e a tend\u00eancia do setor dentro da cidade de [&hellip;]<\/p>\n","protected":false},"author":1,"featured_media":1437,"comment_status":"open","ping_status":"open","sticky":false,"template":"","format":"standard","meta":{"footnotes":""},"categories":[1],"tags":[],"class_list":["post-1434","post","type-post","status-publish","format-standard","has-post-thumbnail","hentry","category-sem-categoria"],"_links":{"self":[{"href":"https:\/\/sinduscon-rr.org.br\/blog\/wp-json\/wp\/v2\/posts\/1434","targetHints":{"allow":["GET"]}}],"collection":[{"href":"https:\/\/sinduscon-rr.org.br\/blog\/wp-json\/wp\/v2\/posts"}],"about":[{"href":"https:\/\/sinduscon-rr.org.br\/blog\/wp-json\/wp\/v2\/types\/post"}],"author":[{"embeddable":true,"href":"https:\/\/sinduscon-rr.org.br\/blog\/wp-json\/wp\/v2\/users\/1"}],"replies":[{"embeddable":true,"href":"https:\/\/sinduscon-rr.org.br\/blog\/wp-json\/wp\/v2\/comments?post=1434"}],"version-history":[{"count":2,"href":"https:\/\/sinduscon-rr.org.br\/blog\/wp-json\/wp\/v2\/posts\/1434\/revisions"}],"predecessor-version":[{"id":1438,"href":"https:\/\/sinduscon-rr.org.br\/blog\/wp-json\/wp\/v2\/posts\/1434\/revisions\/1438"}],"wp:featuredmedia":[{"embeddable":true,"href":"https:\/\/sinduscon-rr.org.br\/blog\/wp-json\/wp\/v2\/media\/1437"}],"wp:attachment":[{"href":"https:\/\/sinduscon-rr.org.br\/blog\/wp-json\/wp\/v2\/media?parent=1434"}],"wp:term":[{"taxonomy":"category","embeddable":true,"href":"https:\/\/sinduscon-rr.org.br\/blog\/wp-json\/wp\/v2\/categories?post=1434"},{"taxonomy":"post_tag","embeddable":true,"href":"https:\/\/sinduscon-rr.org.br\/blog\/wp-json\/wp\/v2\/tags?post=1434"}],"curies":[{"name":"wp","href":"https:\/\/api.w.org\/{rel}","templated":true}]}}