{"id":1439,"date":"2025-09-14T10:05:42","date_gmt":"2025-09-14T14:05:42","guid":{"rendered":"https:\/\/sinduscon-rr.org.br\/blog\/?p=1439"},"modified":"2025-09-15T10:23:21","modified_gmt":"2025-09-15T14:23:21","slug":"sinduscon-rr-celebra-35-anos-de-fundacao-e-conquistas-para-a-construcao-civil-de-roraima","status":"publish","type":"post","link":"https:\/\/sinduscon-rr.org.br\/blog\/sinduscon-rr-celebra-35-anos-de-fundacao-e-conquistas-para-a-construcao-civil-de-roraima\/","title":{"rendered":"SINDUSCON-RR celebra 35 anos de funda\u00e7\u00e3o e conquistas para a constru\u00e7\u00e3o civil de Roraima"},"content":{"rendered":"\n<p>H\u00e1 35 anos, nascia um pilar que se tornaria essencial para o crescimento e o fortalecimento da constru\u00e7\u00e3o civil em Roraima. Fundado em 14 de setembro de 1990, o Sindicato da Ind\u00fastria da Constru\u00e7\u00e3o Civil do Estado de Roraima (SINDUSCON-RR) celebra sua trajet\u00f3ria de representa\u00e7\u00e3o, valoriza\u00e7\u00e3o e defesa de um setor que constr\u00f3i o presente e projeta o futuro do estado.<\/p>\n\n\n\n<figure class=\"wp-block-image size-large\"><img loading=\"lazy\" decoding=\"async\" width=\"1024\" height=\"576\" src=\"https:\/\/sinduscon-rr.org.br\/blog\/wp-content\/uploads\/2025\/09\/WhatsApp-Image-2025-09-15-at-09.52.42-2-1024x576.jpeg\" alt=\"\" class=\"wp-image-1450\" srcset=\"https:\/\/sinduscon-rr.org.br\/blog\/wp-content\/uploads\/2025\/09\/WhatsApp-Image-2025-09-15-at-09.52.42-2-1024x576.jpeg 1024w, https:\/\/sinduscon-rr.org.br\/blog\/wp-content\/uploads\/2025\/09\/WhatsApp-Image-2025-09-15-at-09.52.42-2-300x169.jpeg 300w, https:\/\/sinduscon-rr.org.br\/blog\/wp-content\/uploads\/2025\/09\/WhatsApp-Image-2025-09-15-at-09.52.42-2-768x432.jpeg 768w, https:\/\/sinduscon-rr.org.br\/blog\/wp-content\/uploads\/2025\/09\/WhatsApp-Image-2025-09-15-at-09.52.42-2-1200x675.jpeg 1200w, https:\/\/sinduscon-rr.org.br\/blog\/wp-content\/uploads\/2025\/09\/WhatsApp-Image-2025-09-15-at-09.52.42-2.jpeg 1280w\" sizes=\"auto, (max-width: 1024px) 100vw, 1024px\" \/><\/figure>\n\n\n\n<p><br>Desde sua funda\u00e7\u00e3o, o sindicato tem se consolidado como uma entidade de refer\u00eancia na promo\u00e7\u00e3o do desenvolvimento sustent\u00e1vel da constru\u00e7\u00e3o civil. Entre suas principais contribui\u00e7\u00f5es, est\u00e3o a defesa dos interesses dos associados, a representatividade em eventos estrat\u00e9gicos nacionais e regionais, o fortalecimento da base sindical, a consolida\u00e7\u00e3o de parcerias institucionais e a divulga\u00e7\u00e3o de indicadores locais da constru\u00e7\u00e3o. <br>Al\u00e9m disso, a entidade tem atuado para ampliar a visibilidade do setor, estreitar rela\u00e7\u00f5es com o sindicato laboral e fomentar o di\u00e1logo entre empresas e trabalhadores. Para o presidente do SINDUSCON-RR, Clerl\u00e2nio Holanda, a data \u00e9 motivo de orgulho e reflex\u00e3o.<br>&#8220;Celebrar os 35 anos do SINDUSCON-RR \u00e9 revisitar uma hist\u00f3ria constru\u00edda com muito trabalho, uni\u00e3o e compromisso com o desenvolvimento de Roraima. Ao longo dessas mais de tr\u00eas d\u00e9cadas, enfrentamos desafios, conquistamos avan\u00e7os importantes e consolidamos a constru\u00e7\u00e3o civil como um dos motores da economia do nosso estado\u201d, disse. <\/p>\n\n\n\n<figure class=\"wp-block-image size-large\"><img loading=\"lazy\" decoding=\"async\" width=\"1024\" height=\"576\" src=\"https:\/\/sinduscon-rr.org.br\/blog\/wp-content\/uploads\/2025\/09\/WhatsApp-Image-2025-09-15-at-09.52.41-1024x576.jpeg\" alt=\"\" class=\"wp-image-1446\" srcset=\"https:\/\/sinduscon-rr.org.br\/blog\/wp-content\/uploads\/2025\/09\/WhatsApp-Image-2025-09-15-at-09.52.41-1024x576.jpeg 1024w, https:\/\/sinduscon-rr.org.br\/blog\/wp-content\/uploads\/2025\/09\/WhatsApp-Image-2025-09-15-at-09.52.41-300x169.jpeg 300w, https:\/\/sinduscon-rr.org.br\/blog\/wp-content\/uploads\/2025\/09\/WhatsApp-Image-2025-09-15-at-09.52.41-768x432.jpeg 768w, https:\/\/sinduscon-rr.org.br\/blog\/wp-content\/uploads\/2025\/09\/WhatsApp-Image-2025-09-15-at-09.52.41-1536x864.jpeg 1536w, https:\/\/sinduscon-rr.org.br\/blog\/wp-content\/uploads\/2025\/09\/WhatsApp-Image-2025-09-15-at-09.52.41-2048x1153.jpeg 2048w, https:\/\/sinduscon-rr.org.br\/blog\/wp-content\/uploads\/2025\/09\/WhatsApp-Image-2025-09-15-at-09.52.41-1200x675.jpeg 1200w, https:\/\/sinduscon-rr.org.br\/blog\/wp-content\/uploads\/2025\/09\/WhatsApp-Image-2025-09-15-at-09.52.41-1980x1114.jpeg 1980w\" sizes=\"auto, (max-width: 1024px) 100vw, 1024px\" \/><figcaption class=\"wp-element-caption\">Primeiro Presidente do Sinduscon &#8211; RR Eng. Admar S\u00e1, homenageado pelo atual Presidente Clerl\u00e2nio Holanda. &#8211;  Foto: Ascom Sinduscon-RR<\/figcaption><\/figure>\n\n\n\n<p>Segundo ele, este \u00e9 um momento n\u00e3o apenas de olhar para tr\u00e1s com orgulho do que foi realizado, mas tamb\u00e9m de reafirmar o compromisso com o futuro. \u201cVamos continuar inovando, fortalecendo nossas empresas, valorizando os trabalhadores e contribuindo para transformar Roraima em um lugar cada vez melhor para viver e investir. Essa trajet\u00f3ria s\u00f3 foi poss\u00edvel gra\u00e7as ao empenho de nossos associados, parceiros e colaboradores, a quem dedico minha gratid\u00e3o. Unidos, seguiremos firmes na miss\u00e3o de construir n\u00e3o apenas obras, mas oportunidades e qualidade de vida para a sociedade roraimense\u201d, ressaltou Clerl\u00e2nio. <\/p>\n\n\n\n<p><br>Ao longo de sua hist\u00f3ria, o SINDUSCON-RR tem desempenhado papel central no crescimento econ\u00f4mico do estado, contribuindo para a gera\u00e7\u00e3o de empregos, para o avan\u00e7o da infraestrutura local e para o fortalecimento da participa\u00e7\u00e3o da constru\u00e7\u00e3o civil no PIB de Roraima.<br>A entidade tamb\u00e9m tem buscado alinhar o desenvolvimento do setor \u00e0s pr\u00e1ticas de responsabilidade social, promovendo equil\u00edbrio entre crescimento econ\u00f4mico, inova\u00e7\u00e3o e valoriza\u00e7\u00e3o do trabalhador da constru\u00e7\u00e3o.<\/p>\n\n\n\n<p><br><strong>Reconhecimento e comemora\u00e7\u00f5es<\/strong><br>O SINDUSCON-RR agradece a todos os associados, parceiros e colaboradores que contribu\u00edram para essa trajet\u00f3ria de sucesso. Como parte das celebra\u00e7\u00f5es pelos 35 anos, a entidade realizar\u00e1 um almo\u00e7o comemorativo com os associados, marcado por homenagens aos pioneiros que ajudaram a construir a hist\u00f3ria do sindicato.<\/p>\n\n\n\n<figure class=\"wp-block-image size-large\"><img loading=\"lazy\" decoding=\"async\" width=\"1024\" height=\"576\" src=\"https:\/\/sinduscon-rr.org.br\/blog\/wp-content\/uploads\/2025\/09\/todos-de-frente-1-1024x576.jpg\" alt=\"\" class=\"wp-image-1453\" srcset=\"https:\/\/sinduscon-rr.org.br\/blog\/wp-content\/uploads\/2025\/09\/todos-de-frente-1-1024x576.jpg 1024w, https:\/\/sinduscon-rr.org.br\/blog\/wp-content\/uploads\/2025\/09\/todos-de-frente-1-300x169.jpg 300w, https:\/\/sinduscon-rr.org.br\/blog\/wp-content\/uploads\/2025\/09\/todos-de-frente-1-768x432.jpg 768w, https:\/\/sinduscon-rr.org.br\/blog\/wp-content\/uploads\/2025\/09\/todos-de-frente-1-1536x864.jpg 1536w, https:\/\/sinduscon-rr.org.br\/blog\/wp-content\/uploads\/2025\/09\/todos-de-frente-1-2048x1153.jpg 2048w, https:\/\/sinduscon-rr.org.br\/blog\/wp-content\/uploads\/2025\/09\/todos-de-frente-1-1200x675.jpg 1200w, https:\/\/sinduscon-rr.org.br\/blog\/wp-content\/uploads\/2025\/09\/todos-de-frente-1-1980x1114.jpg 1980w\" sizes=\"auto, (max-width: 1024px) 100vw, 1024px\" \/><\/figure>\n\n\n\n<figure class=\"wp-block-image size-large\"><img loading=\"lazy\" decoding=\"async\" width=\"1024\" height=\"576\" src=\"https:\/\/sinduscon-rr.org.br\/blog\/wp-content\/uploads\/2025\/09\/selecionada-todos-brindando-1024x576.jpg\" alt=\"\" class=\"wp-image-1456\" srcset=\"https:\/\/sinduscon-rr.org.br\/blog\/wp-content\/uploads\/2025\/09\/selecionada-todos-brindando-1024x576.jpg 1024w, https:\/\/sinduscon-rr.org.br\/blog\/wp-content\/uploads\/2025\/09\/selecionada-todos-brindando-300x169.jpg 300w, https:\/\/sinduscon-rr.org.br\/blog\/wp-content\/uploads\/2025\/09\/selecionada-todos-brindando-768x432.jpg 768w, https:\/\/sinduscon-rr.org.br\/blog\/wp-content\/uploads\/2025\/09\/selecionada-todos-brindando-1536x864.jpg 1536w, https:\/\/sinduscon-rr.org.br\/blog\/wp-content\/uploads\/2025\/09\/selecionada-todos-brindando-2048x1153.jpg 2048w, https:\/\/sinduscon-rr.org.br\/blog\/wp-content\/uploads\/2025\/09\/selecionada-todos-brindando-1200x675.jpg 1200w, https:\/\/sinduscon-rr.org.br\/blog\/wp-content\/uploads\/2025\/09\/selecionada-todos-brindando-1980x1114.jpg 1980w\" sizes=\"auto, (max-width: 1024px) 100vw, 1024px\" \/><\/figure>\n\n\n\n<figure class=\"wp-block-image size-large\"><img loading=\"lazy\" decoding=\"async\" width=\"1024\" height=\"576\" src=\"https:\/\/sinduscon-rr.org.br\/blog\/wp-content\/uploads\/2025\/09\/brindes-1024x576.jpg\" alt=\"\" class=\"wp-image-1455\" srcset=\"https:\/\/sinduscon-rr.org.br\/blog\/wp-content\/uploads\/2025\/09\/brindes-1024x576.jpg 1024w, https:\/\/sinduscon-rr.org.br\/blog\/wp-content\/uploads\/2025\/09\/brindes-300x169.jpg 300w, https:\/\/sinduscon-rr.org.br\/blog\/wp-content\/uploads\/2025\/09\/brindes-768x432.jpg 768w, https:\/\/sinduscon-rr.org.br\/blog\/wp-content\/uploads\/2025\/09\/brindes-1536x864.jpg 1536w, https:\/\/sinduscon-rr.org.br\/blog\/wp-content\/uploads\/2025\/09\/brindes-2048x1153.jpg 2048w, https:\/\/sinduscon-rr.org.br\/blog\/wp-content\/uploads\/2025\/09\/brindes-1200x675.jpg 1200w, https:\/\/sinduscon-rr.org.br\/blog\/wp-content\/uploads\/2025\/09\/brindes-1980x1114.jpg 1980w\" sizes=\"auto, (max-width: 1024px) 100vw, 1024px\" \/><\/figure>\n\n\n\n<p><br><strong>Sobre o SINDUSCON-RR<\/strong><br>Fundado em 1990, o Sindicato da Ind\u00fastria da Constru\u00e7\u00e3o Civil do Estado de Roraima tem como miss\u00e3o representar e fortalecer o setor da constru\u00e7\u00e3o civil, promovendo o desenvolvimento econ\u00f4mico e social do estado por meio do di\u00e1logo, da inova\u00e7\u00e3o e da valoriza\u00e7\u00e3o de empresas e trabalhadores.<br><br><\/p>\n","protected":false},"excerpt":{"rendered":"<p>H\u00e1 35 anos, nascia um pilar que se tornaria essencial para o crescimento e o fortalecimento da constru\u00e7\u00e3o civil em Roraima. Fundado em 14 de setembro de 1990, o Sindicato da Ind\u00fastria da Constru\u00e7\u00e3o Civil do Estado de Roraima (SINDUSCON-RR) celebra sua trajet\u00f3ria de representa\u00e7\u00e3o, valoriza\u00e7\u00e3o e defesa de um setor que constr\u00f3i o presente [&hellip;]<\/p>\n","protected":false},"author":1,"featured_media":1447,"comment_status":"open","ping_status":"open","sticky":false,"template":"","format":"standard","meta":{"footnotes":""},"categories":[1],"tags":[],"class_list":["post-1439","post","type-post","status-publish","format-standard","has-post-thumbnail","hentry","category-sem-categoria"],"_links":{"self":[{"href":"https:\/\/sinduscon-rr.org.br\/blog\/wp-json\/wp\/v2\/posts\/1439","targetHints":{"allow":["GET"]}}],"collection":[{"href":"https:\/\/sinduscon-rr.org.br\/blog\/wp-json\/wp\/v2\/posts"}],"about":[{"href":"https:\/\/sinduscon-rr.org.br\/blog\/wp-json\/wp\/v2\/types\/post"}],"author":[{"embeddable":true,"href":"https:\/\/sinduscon-rr.org.br\/blog\/wp-json\/wp\/v2\/users\/1"}],"replies":[{"embeddable":true,"href":"https:\/\/sinduscon-rr.org.br\/blog\/wp-json\/wp\/v2\/comments?post=1439"}],"version-history":[{"count":2,"href":"https:\/\/sinduscon-rr.org.br\/blog\/wp-json\/wp\/v2\/posts\/1439\/revisions"}],"predecessor-version":[{"id":1457,"href":"https:\/\/sinduscon-rr.org.br\/blog\/wp-json\/wp\/v2\/posts\/1439\/revisions\/1457"}],"wp:featuredmedia":[{"embeddable":true,"href":"https:\/\/sinduscon-rr.org.br\/blog\/wp-json\/wp\/v2\/media\/1447"}],"wp:attachment":[{"href":"https:\/\/sinduscon-rr.org.br\/blog\/wp-json\/wp\/v2\/media?parent=1439"}],"wp:term":[{"taxonomy":"category","embeddable":true,"href":"https:\/\/sinduscon-rr.org.br\/blog\/wp-json\/wp\/v2\/categories?post=1439"},{"taxonomy":"post_tag","embeddable":true,"href":"https:\/\/sinduscon-rr.org.br\/blog\/wp-json\/wp\/v2\/tags?post=1439"}],"curies":[{"name":"wp","href":"https:\/\/api.w.org\/{rel}","templated":true}]}}