{"id":1596,"date":"2026-04-10T09:23:01","date_gmt":"2026-04-10T13:23:01","guid":{"rendered":"https:\/\/sinduscon-rr.org.br\/blog\/?p=1596"},"modified":"2026-04-10T09:23:02","modified_gmt":"2026-04-10T13:23:02","slug":"abril-verde-2026-sinduscon-rr-e-cerest-boa-vista-promovem-acoes-de-saude-e-seguranca-nos-canteiros-de-obras","status":"publish","type":"post","link":"https:\/\/sinduscon-rr.org.br\/blog\/abril-verde-2026-sinduscon-rr-e-cerest-boa-vista-promovem-acoes-de-saude-e-seguranca-nos-canteiros-de-obras\/","title":{"rendered":"Abril Verde 2026: Sinduscon-RR e CEREST Boa Vista promovem a\u00e7\u00f5es de sa\u00fade e seguran\u00e7a nos canteiros de obras."},"content":{"rendered":"\n<p>O Sinduscon-RR, em parceria com o Centro de Refer\u00eancia em Sa\u00fade do Trabalhador Regional Centro Norte \u2013 CEREST Boa Vista, unidade vinculada \u00e0 Secretaria Municipal de Sa\u00fade \u2013 SMSA de Boa Vista, deu in\u00edcio no dia 1\u00ba de abril \u00e0 programa\u00e7\u00e3o do Abril Verde 2026, campanha nacional dedicada \u00e0 conscientiza\u00e7\u00e3o sobre a import\u00e2ncia da sa\u00fade e seguran\u00e7a no trabalho.<\/p>\n\n\n\n<figure class=\"wp-block-image size-large is-resized\"><img loading=\"lazy\" decoding=\"async\" width=\"768\" height=\"1024\" src=\"https:\/\/sinduscon-rr.org.br\/blog\/wp-content\/uploads\/2026\/04\/abril-verde-canteiros-5-768x1024.jpeg\" alt=\"\" class=\"wp-image-1600\" style=\"aspect-ratio:0.7500048027971491;width:351px;height:auto\" srcset=\"https:\/\/sinduscon-rr.org.br\/blog\/wp-content\/uploads\/2026\/04\/abril-verde-canteiros-5-768x1024.jpeg 768w, https:\/\/sinduscon-rr.org.br\/blog\/wp-content\/uploads\/2026\/04\/abril-verde-canteiros-5-225x300.jpeg 225w, https:\/\/sinduscon-rr.org.br\/blog\/wp-content\/uploads\/2026\/04\/abril-verde-canteiros-5-1152x1536.jpeg 1152w, https:\/\/sinduscon-rr.org.br\/blog\/wp-content\/uploads\/2026\/04\/abril-verde-canteiros-5.jpeg 1200w\" sizes=\"auto, (max-width: 768px) 100vw, 768px\" \/><\/figure>\n\n\n\n<p>O CEREST Boa Vista \u00e9 um centro de refer\u00eancia com abrang\u00eancia regional, respons\u00e1vel por desenvolver a\u00e7\u00f5es de sa\u00fade do trabalhador nos munic\u00edpios da regi\u00e3o de sa\u00fade centro norte do estado de Roraima, s\u00e3o estes: Amajar\u00ed, Pacaraima, Normandia, Bomfim, Cant\u00e1, Mucaja\u00ed, Alto Alegre e Boa Vista como sede. O Cerest Regional atua em parceria com os servi\u00e7os de sa\u00fade e institui\u00e7\u00f5es de outros setores da regi\u00e3o, para promo\u00e7\u00e3o da sa\u00fade, educa\u00e7\u00e3o, preven\u00e7\u00e3o, aten\u00e7\u00e3o e vigil\u00e2ncia de Doen\u00e7as e Agravos Relacionados ao Trabalho (DART).<\/p>\n\n\n\n<figure class=\"wp-block-image size-large is-resized\"><img loading=\"lazy\" decoding=\"async\" width=\"768\" height=\"1024\" src=\"https:\/\/sinduscon-rr.org.br\/blog\/wp-content\/uploads\/2026\/04\/abril-verde-canteiros-4-768x1024.jpeg\" alt=\"\" class=\"wp-image-1599\" style=\"aspect-ratio:0.7500048027971491;width:361px;height:auto\" srcset=\"https:\/\/sinduscon-rr.org.br\/blog\/wp-content\/uploads\/2026\/04\/abril-verde-canteiros-4-768x1024.jpeg 768w, https:\/\/sinduscon-rr.org.br\/blog\/wp-content\/uploads\/2026\/04\/abril-verde-canteiros-4-225x300.jpeg 225w, https:\/\/sinduscon-rr.org.br\/blog\/wp-content\/uploads\/2026\/04\/abril-verde-canteiros-4.jpeg 960w\" sizes=\"auto, (max-width: 768px) 100vw, 768px\" \/><\/figure>\n\n\n\n<p>Com o tema : <strong>\u201cCampanha Abril Verde: juntos pela redu\u00e7\u00e3o de mortes por doen\u00e7as e acidentes do trabalho no Brasil\u201d,<\/strong> este ano as a\u00e7\u00e3o est\u00e3o sendo realizada diretamente nos canteiros de obras das empresas associadas ao Sinduscon-RR, levando orienta\u00e7\u00e3o, informa\u00e7\u00e3o e atividades educativas aos trabalhadores da constru\u00e7\u00e3o civil.<\/p>\n\n\n\n<figure class=\"wp-block-image size-large is-resized\"><img loading=\"lazy\" decoding=\"async\" width=\"1024\" height=\"768\" src=\"https:\/\/sinduscon-rr.org.br\/blog\/wp-content\/uploads\/2026\/04\/abril-verde-canteiros-2-1024x768.jpeg\" alt=\"\" class=\"wp-image-1597\" style=\"width:360px;height:auto\" srcset=\"https:\/\/sinduscon-rr.org.br\/blog\/wp-content\/uploads\/2026\/04\/abril-verde-canteiros-2-1024x768.jpeg 1024w, https:\/\/sinduscon-rr.org.br\/blog\/wp-content\/uploads\/2026\/04\/abril-verde-canteiros-2-300x225.jpeg 300w, https:\/\/sinduscon-rr.org.br\/blog\/wp-content\/uploads\/2026\/04\/abril-verde-canteiros-2-768x576.jpeg 768w, https:\/\/sinduscon-rr.org.br\/blog\/wp-content\/uploads\/2026\/04\/abril-verde-canteiros-2-1200x900.jpeg 1200w, https:\/\/sinduscon-rr.org.br\/blog\/wp-content\/uploads\/2026\/04\/abril-verde-canteiros-2.jpeg 1280w\" sizes=\"auto, (max-width: 1024px) 100vw, 1024px\" \/><\/figure>\n\n\n\n<p>A programa\u00e7\u00e3o segue at\u00e9 o fim de abril, com visitas t\u00e9cnicas, di\u00e1logos de seguran\u00e7a, orienta\u00e7\u00f5es preventivas e refor\u00e7o das boas pr\u00e1ticas no ambiente de trabalho, finalizando no dia <strong>28 com uma Blitz<\/strong> educativa com distribui\u00e7\u00e3o de materiais educativos aos motoristas, com o objetivo de sensibilizar a sociedade acerca da import\u00e2ncia da ado\u00e7\u00e3o de pr\u00e1ticas seguras no ambiente laboral, bem como fomentar a cultura de preven\u00e7\u00e3o e valoriza\u00e7\u00e3o da sa\u00fade do trabalhador.<\/p>\n\n\n\n<p>A iniciativa tem como objetivo fortalecer a cultura da preven\u00e7\u00e3o, reduzindo riscos de acidentes e promovendo mais qualidade de vida aos profissionais do setor.<\/p>\n\n\n\n<p>A parceria entre o Sinduscon-RR e o CEREST Boa Vista reafirma o compromisso das institui\u00e7\u00f5es com a valoriza\u00e7\u00e3o da vida, destacando que ambientes de trabalho seguros s\u00e3o fundamentais para o desenvolvimento sustent\u00e1vel da constru\u00e7\u00e3o civil.<\/p>\n\n\n\n<figure class=\"wp-block-image size-large is-resized\"><img loading=\"lazy\" decoding=\"async\" width=\"768\" height=\"1024\" src=\"https:\/\/sinduscon-rr.org.br\/blog\/wp-content\/uploads\/2026\/04\/abril-verde-canteiros-768x1024.jpeg\" alt=\"\" class=\"wp-image-1601\" style=\"aspect-ratio:0.7500048027971491;width:363px;height:auto\" srcset=\"https:\/\/sinduscon-rr.org.br\/blog\/wp-content\/uploads\/2026\/04\/abril-verde-canteiros-768x1024.jpeg 768w, https:\/\/sinduscon-rr.org.br\/blog\/wp-content\/uploads\/2026\/04\/abril-verde-canteiros-225x300.jpeg 225w, https:\/\/sinduscon-rr.org.br\/blog\/wp-content\/uploads\/2026\/04\/abril-verde-canteiros-1152x1536.jpeg 1152w, https:\/\/sinduscon-rr.org.br\/blog\/wp-content\/uploads\/2026\/04\/abril-verde-canteiros.jpeg 1200w\" sizes=\"auto, (max-width: 768px) 100vw, 768px\" \/><\/figure>\n\n\n\n<p>Mais do que uma campanha, o Abril Verde representa um chamado \u00e0 responsabilidade coletiva, onde empregadores e trabalhadores atuam juntos para garantir um ambiente laboral mais seguro e saud\u00e1vel.<\/p>\n\n\n\n<p><strong>Seguran\u00e7a n\u00e3o \u00e9 op\u00e7\u00e3o. \u00c9 vida.<\/strong><\/p>\n\n\n\n<p><strong>ASCOM\/SINDUSCON-RR<\/strong><strong><\/strong><\/p>\n\n\n\n<p><\/p>\n","protected":false},"excerpt":{"rendered":"<p>O Sinduscon-RR, em parceria com o Centro de Refer\u00eancia em Sa\u00fade do Trabalhador Regional Centro Norte \u2013 CEREST Boa Vista, unidade vinculada \u00e0 Secretaria Municipal de Sa\u00fade \u2013 SMSA de Boa Vista, deu in\u00edcio no dia 1\u00ba de abril \u00e0 programa\u00e7\u00e3o do Abril Verde 2026, campanha nacional dedicada \u00e0 conscientiza\u00e7\u00e3o sobre a import\u00e2ncia da sa\u00fade [&hellip;]<\/p>\n","protected":false},"author":1,"featured_media":0,"comment_status":"open","ping_status":"open","sticky":false,"template":"","format":"standard","meta":{"footnotes":""},"categories":[1],"tags":[],"class_list":["post-1596","post","type-post","status-publish","format-standard","hentry","category-sem-categoria"],"_links":{"self":[{"href":"https:\/\/sinduscon-rr.org.br\/blog\/wp-json\/wp\/v2\/posts\/1596","targetHints":{"allow":["GET"]}}],"collection":[{"href":"https:\/\/sinduscon-rr.org.br\/blog\/wp-json\/wp\/v2\/posts"}],"about":[{"href":"https:\/\/sinduscon-rr.org.br\/blog\/wp-json\/wp\/v2\/types\/post"}],"author":[{"embeddable":true,"href":"https:\/\/sinduscon-rr.org.br\/blog\/wp-json\/wp\/v2\/users\/1"}],"replies":[{"embeddable":true,"href":"https:\/\/sinduscon-rr.org.br\/blog\/wp-json\/wp\/v2\/comments?post=1596"}],"version-history":[{"count":1,"href":"https:\/\/sinduscon-rr.org.br\/blog\/wp-json\/wp\/v2\/posts\/1596\/revisions"}],"predecessor-version":[{"id":1602,"href":"https:\/\/sinduscon-rr.org.br\/blog\/wp-json\/wp\/v2\/posts\/1596\/revisions\/1602"}],"wp:attachment":[{"href":"https:\/\/sinduscon-rr.org.br\/blog\/wp-json\/wp\/v2\/media?parent=1596"}],"wp:term":[{"taxonomy":"category","embeddable":true,"href":"https:\/\/sinduscon-rr.org.br\/blog\/wp-json\/wp\/v2\/categories?post=1596"},{"taxonomy":"post_tag","embeddable":true,"href":"https:\/\/sinduscon-rr.org.br\/blog\/wp-json\/wp\/v2\/tags?post=1596"}],"curies":[{"name":"wp","href":"https:\/\/api.w.org\/{rel}","templated":true}]}}