{"id":1604,"date":"2026-04-10T09:52:29","date_gmt":"2026-04-10T13:52:29","guid":{"rendered":"https:\/\/sinduscon-rr.org.br\/blog\/?p=1604"},"modified":"2026-04-10T09:52:29","modified_gmt":"2026-04-10T13:52:29","slug":"canpat-2026-e-lancada-com-foco-na-prevencao-de-riscos-psicossociais-no-trabalho","status":"publish","type":"post","link":"https:\/\/sinduscon-rr.org.br\/blog\/canpat-2026-e-lancada-com-foco-na-prevencao-de-riscos-psicossociais-no-trabalho\/","title":{"rendered":"Canpat 2026 \u00e9 lan\u00e7ada com foco na preven\u00e7\u00e3o de riscos psicossociais no trabalho"},"content":{"rendered":"\n<p>Com foco na promo\u00e7\u00e3o de ambientes de trabalho mais seguros e saud\u00e1veis, o Minist\u00e9rio do Trabalho e Emprego (MTE) lan\u00e7ou, nesta ter\u00e7a-feira (7), a Campanha Nacional de Preven\u00e7\u00e3o de Acidentes do Trabalho (Canpat) 2026, que neste ano destaca a preven\u00e7\u00e3o de riscos psicossociais e a sa\u00fade mental no trabalho.<\/p>\n\n\n\n<p>Durante a cerim\u00f4nia, tamb\u00e9m foi apresentado o Manual de Interpreta\u00e7\u00e3o e Aplica\u00e7\u00e3o do Cap\u00edtulo 1.5 da NR-1 \u2014 Gerenciamento de Riscos Ocupacionais (GRO), elaborado pelo MTE. O material orienta empregadores e profissionais sobre a implementa\u00e7\u00e3o das diretrizes de gest\u00e3o de riscos, incluindo fatores psicossociais no ambiente laboral. Al\u00e9m disso, foi anunciada a oferta de um curso sobre o tema, em formato online e gratuito, pela plataforma da Escola Nacional da Inspe\u00e7\u00e3o do Trabalho (ENIT), com emiss\u00e3o de certificado.<\/p>\n\n\n\n<p>O ministro do Trabalho e Emprego, Luiz Marinho, destacou que a promo\u00e7\u00e3o de ambientes de trabalho saud\u00e1veis passa pelo reconhecimento e enfrentamento desses riscos. \u201cN\u00f3s precisamos de todos irmanados num processo de melhoria sist\u00eamica do ambiente de trabalho. S\u00f3 isso poder\u00e1 levar, de fato, a um processo de fortalecimento de trabalhadores e trabalhadoras\u201d, afirmou.<\/p>\n\n\n\n<p>Dados apresentados pelo diretor de Seguran\u00e7a e Sa\u00fade do Trabalho do MTE, Alexandre Scarpelli, indicam que os transtornos mentais e comportamentais cresceram 134% nos \u00faltimos dois anos. Apenas no \u00faltimo ano, cerca de meio milh\u00e3o de trabalhadores foram afastados por ansiedade, depress\u00e3o e estresse. \u201cPrecisamos fortalecer uma cultura de preven\u00e7\u00e3o que nasce do conhecimento. A orienta\u00e7\u00e3o salva vidas\u201d, disse.<\/p>\n\n\n\n<p>A Canpat 2026 prev\u00ea a realiza\u00e7\u00e3o de a\u00e7\u00f5es ao longo do ano com o objetivo de sensibilizar empregadores, trabalhadores e a sociedade sobre a preven\u00e7\u00e3o de acidentes e doen\u00e7as relacionadas ao trabalho.<\/p>\n\n\n\n<p><\/p>\n\n\n\n<p><strong>Por Ag\u00eancia CBIC<\/strong><\/p>\n\n\n\n<p><\/p>\n","protected":false},"excerpt":{"rendered":"<p>Com foco na promo\u00e7\u00e3o de ambientes de trabalho mais seguros e saud\u00e1veis, o Minist\u00e9rio do Trabalho e Emprego (MTE) lan\u00e7ou, nesta ter\u00e7a-feira (7), a Campanha Nacional de Preven\u00e7\u00e3o de Acidentes do Trabalho (Canpat) 2026, que neste ano destaca a preven\u00e7\u00e3o de riscos psicossociais e a sa\u00fade mental no trabalho. Durante a cerim\u00f4nia, tamb\u00e9m foi apresentado [&hellip;]<\/p>\n","protected":false},"author":1,"featured_media":1605,"comment_status":"open","ping_status":"open","sticky":false,"template":"","format":"standard","meta":{"footnotes":""},"categories":[1],"tags":[],"class_list":["post-1604","post","type-post","status-publish","format-standard","has-post-thumbnail","hentry","category-sem-categoria"],"_links":{"self":[{"href":"https:\/\/sinduscon-rr.org.br\/blog\/wp-json\/wp\/v2\/posts\/1604","targetHints":{"allow":["GET"]}}],"collection":[{"href":"https:\/\/sinduscon-rr.org.br\/blog\/wp-json\/wp\/v2\/posts"}],"about":[{"href":"https:\/\/sinduscon-rr.org.br\/blog\/wp-json\/wp\/v2\/types\/post"}],"author":[{"embeddable":true,"href":"https:\/\/sinduscon-rr.org.br\/blog\/wp-json\/wp\/v2\/users\/1"}],"replies":[{"embeddable":true,"href":"https:\/\/sinduscon-rr.org.br\/blog\/wp-json\/wp\/v2\/comments?post=1604"}],"version-history":[{"count":1,"href":"https:\/\/sinduscon-rr.org.br\/blog\/wp-json\/wp\/v2\/posts\/1604\/revisions"}],"predecessor-version":[{"id":1606,"href":"https:\/\/sinduscon-rr.org.br\/blog\/wp-json\/wp\/v2\/posts\/1604\/revisions\/1606"}],"wp:featuredmedia":[{"embeddable":true,"href":"https:\/\/sinduscon-rr.org.br\/blog\/wp-json\/wp\/v2\/media\/1605"}],"wp:attachment":[{"href":"https:\/\/sinduscon-rr.org.br\/blog\/wp-json\/wp\/v2\/media?parent=1604"}],"wp:term":[{"taxonomy":"category","embeddable":true,"href":"https:\/\/sinduscon-rr.org.br\/blog\/wp-json\/wp\/v2\/categories?post=1604"},{"taxonomy":"post_tag","embeddable":true,"href":"https:\/\/sinduscon-rr.org.br\/blog\/wp-json\/wp\/v2\/tags?post=1604"}],"curies":[{"name":"wp","href":"https:\/\/api.w.org\/{rel}","templated":true}]}}