{"id":228,"date":"2021-05-14T10:16:36","date_gmt":"2021-05-14T13:16:36","guid":{"rendered":"https:\/\/sinduscon-rr.org.br\/blog\/?p=228"},"modified":"2024-08-27T07:02:03","modified_gmt":"2024-08-27T11:02:03","slug":"cbic-avalia-resultado-de-pesquisas-para-eleicao-presidencial","status":"publish","type":"post","link":"https:\/\/sinduscon-rr.org.br\/blog\/cbic-avalia-resultado-de-pesquisas-para-eleicao-presidencial\/","title":{"rendered":"CBIC avalia resultado de pesquisas para elei\u00e7\u00e3o presidencial"},"content":{"rendered":"\n<p>Importante debate sobre a elei\u00e7\u00e3o presidencial de 2022, com a participa\u00e7\u00e3o do diretor-presidente do Paran\u00e1 Pesquisas, Murilo Hidalgo, foi destaque da reuni\u00e3o do Conselho de Administra\u00e7\u00e3o da C\u00e2mara Brasileira da Ind\u00fastria da Constru\u00e7\u00e3o (CBIC) desta quinta-feira (13), via plataforma Zoom. A reuni\u00e3o tamb\u00e9m tratou de quest\u00f5es referentes a a\u00e7\u00f5es legislativas para atender as demandas do setor.<br><br>Com mais de 70 participantes da constru\u00e7\u00e3o civil, o encontro virtual contou ainda com a presen\u00e7a de representantes de entidades do setor de Energia.<br><br>Elei\u00e7\u00e3o antecipada<br>Ao fazer uma leitura do momento pol\u00edtico atual, no que se refere \u00e0 elei\u00e7\u00e3o presidencial de 2022, o executivo ressaltou que, com base nas pesquisas dos institutos Paran\u00e1 Pesquisas, Atlas Pol\u00edtico, XP\/Ipespe, Datafolha e o PoderData, nos \u00faltimos sete dias, a elei\u00e7\u00e3o est\u00e1 equilibrada. \u201cA elei\u00e7\u00e3o no Brasil foi antecipada\u201d, diz.<br><br>\u201cSe a elei\u00e7\u00e3o fosse no pr\u00f3ximo domingo, estaria bem equilibrada. Teria 50% de chance de vit\u00f3ria do presidente Jair Bolsonaro e 50% do ex-presidente Luiz In\u00e1cio Lula da Silva, mas o que vai definir \u00e9 a situa\u00e7\u00e3o econ\u00f4mica\u201d, disse.<br><br>Na avalia\u00e7\u00e3o do executivo, \u201cbolso cheio elege o presidente e bolso vazio tira o presidente\u201d. Se a economia chegar bem no segundo semestre de 2022, mesmo que apenas com o aux\u00edlio emergencial, Bolsonaro chegar\u00e1 bem e ganhar\u00e1\u201d, frisa.<br><br>\u201c\u00c9 preocupante que o assistencialismo defina a elei\u00e7\u00e3o no Pa\u00eds, em detrimento dos projetos do governo\u201d, lamenta o vice-presidente da CBIC, Jos\u00e9 Irenaldo Quintans.<br><br>A\u00e7\u00f5es Legislativas<br>Pensando n\u00e3o apenas no futuro da constru\u00e7\u00e3o, mas no futuro do Brasil, o presidente da CBIC, Jos\u00e9 Carlos Martins, destacou os temas da Agenda da Constru\u00e7\u00e3o de 2021 a 2023.<\/p>\n\n\n\n<figure class=\"wp-block-gallery columns-1 is-cropped wp-block-gallery-1 is-layout-flex wp-block-gallery-is-layout-flex\"><ul class=\"blocks-gallery-grid\"><li class=\"blocks-gallery-item\"><figure><img loading=\"lazy\" decoding=\"async\" width=\"1024\" height=\"614\" src=\"https:\/\/sinduscon-rr.org.br\/blog\/wp-content\/uploads\/2021\/05\/ACAO-LEGISLATIVA-2.jpeg\" alt=\"\" data-id=\"241\" data-full-url=\"https:\/\/sinduscon-rr.org.br\/blog\/wp-content\/uploads\/2021\/05\/ACAO-LEGISLATIVA-2.jpeg\" data-link=\"https:\/\/sinduscon-rr.org.br\/blog\/?attachment_id=241\" class=\"wp-image-241\" srcset=\"https:\/\/sinduscon-rr.org.br\/blog\/wp-content\/uploads\/2021\/05\/ACAO-LEGISLATIVA-2.jpeg 1024w, https:\/\/sinduscon-rr.org.br\/blog\/wp-content\/uploads\/2021\/05\/ACAO-LEGISLATIVA-2-300x180.jpeg 300w, https:\/\/sinduscon-rr.org.br\/blog\/wp-content\/uploads\/2021\/05\/ACAO-LEGISLATIVA-2-768x461.jpeg 768w\" sizes=\"auto, (max-width: 1024px) 100vw, 1024px\" \/><\/figure><\/li><\/ul><\/figure>\n\n\n\n<p><br><br>Todos eles ser\u00e3o abordados nos \u2018Quintas da CBIC\u2019 das pr\u00f3ximas semanas, com a participa\u00e7\u00e3o de parlamentares que est\u00e3o cuidando dos assuntos no Congresso Nacional, como os da Reforma Administrativa e da Reforma Tribut\u00e1ria, que ser\u00e3o tratados nesta quinta-feira, a partir das 17h.<br><br>Os temas da agenda foram apresentados pelo coordenador de Rela\u00e7\u00f5es Institucionais da CBIC, Luis Henrique Cidade, e comentados pelo vice-presidente da CBIC, Jos\u00e9 Eug\u00eanio Gizzi, que informaram a forma de atua\u00e7\u00e3o da entidade sobre cada um deles.<br><br>POR: AG\u00caNCIA CBIC<br><br><\/p>\n","protected":false},"excerpt":{"rendered":"<p>Importante debate sobre a elei\u00e7\u00e3o presidencial de 2022, com a participa\u00e7\u00e3o do diretor-presidente do Paran\u00e1 Pesquisas, Murilo Hidalgo, foi destaque da reuni\u00e3o do Conselho de Administra\u00e7\u00e3o da C\u00e2mara Brasileira da Ind\u00fastria da Constru\u00e7\u00e3o (CBIC) desta quinta-feira (13), via plataforma Zoom. A reuni\u00e3o tamb\u00e9m tratou de quest\u00f5es referentes a a\u00e7\u00f5es legislativas para atender as demandas do [&hellip;]<\/p>\n","protected":false},"author":1,"featured_media":238,"comment_status":"open","ping_status":"open","sticky":false,"template":"","format":"standard","meta":{"footnotes":""},"categories":[5],"tags":[],"class_list":["post-228","post","type-post","status-publish","format-standard","has-post-thumbnail","hentry","category-noticias-da-construcao-civil-nacional"],"_links":{"self":[{"href":"https:\/\/sinduscon-rr.org.br\/blog\/wp-json\/wp\/v2\/posts\/228","targetHints":{"allow":["GET"]}}],"collection":[{"href":"https:\/\/sinduscon-rr.org.br\/blog\/wp-json\/wp\/v2\/posts"}],"about":[{"href":"https:\/\/sinduscon-rr.org.br\/blog\/wp-json\/wp\/v2\/types\/post"}],"author":[{"embeddable":true,"href":"https:\/\/sinduscon-rr.org.br\/blog\/wp-json\/wp\/v2\/users\/1"}],"replies":[{"embeddable":true,"href":"https:\/\/sinduscon-rr.org.br\/blog\/wp-json\/wp\/v2\/comments?post=228"}],"version-history":[{"count":2,"href":"https:\/\/sinduscon-rr.org.br\/blog\/wp-json\/wp\/v2\/posts\/228\/revisions"}],"predecessor-version":[{"id":242,"href":"https:\/\/sinduscon-rr.org.br\/blog\/wp-json\/wp\/v2\/posts\/228\/revisions\/242"}],"wp:featuredmedia":[{"embeddable":true,"href":"https:\/\/sinduscon-rr.org.br\/blog\/wp-json\/wp\/v2\/media\/238"}],"wp:attachment":[{"href":"https:\/\/sinduscon-rr.org.br\/blog\/wp-json\/wp\/v2\/media?parent=228"}],"wp:term":[{"taxonomy":"category","embeddable":true,"href":"https:\/\/sinduscon-rr.org.br\/blog\/wp-json\/wp\/v2\/categories?post=228"},{"taxonomy":"post_tag","embeddable":true,"href":"https:\/\/sinduscon-rr.org.br\/blog\/wp-json\/wp\/v2\/tags?post=228"}],"curies":[{"name":"wp","href":"https:\/\/api.w.org\/{rel}","templated":true}]}}