{"id":326,"date":"2021-07-01T10:32:12","date_gmt":"2021-07-01T13:32:12","guid":{"rendered":"https:\/\/sinduscon-rr.org.br\/blog\/?p=326"},"modified":"2022-10-28T08:17:41","modified_gmt":"2022-10-28T12:17:41","slug":"construcao-tem-59-milhoes-de-pessoas-ocupadas-de-fevereiro-a-marco-2021","status":"publish","type":"post","link":"https:\/\/sinduscon-rr.org.br\/blog\/construcao-tem-59-milhoes-de-pessoas-ocupadas-de-fevereiro-a-marco-2021\/","title":{"rendered":"Constru\u00e7\u00e3o tem 5,9 milh\u00f5es de pessoas ocupadas de fevereiro a mar\u00e7o\/2021"},"content":{"rendered":"\n<p>O mercado de trabalho continua muito enfraquecido, segundo dados da Pnad Cont\u00ednua divulgados nesta quarta-feira (30\/06) pelo Instituto Brasileiro de Geografia e Estat\u00edstica (IBGE). A taxa de desemprego foi de 14,7% no trimestre registrado entre os meses de fevereiro a abril de 2021, e permaneceu em patamar recorde.<\/p>\n\n\n\n<p>O Pa\u00eds, nesse per\u00edodo, possu\u00eda 14,761 milh\u00f5es de desempregados. Em iguais meses de 2020, o total era de 12,811 milh\u00f5es. \u201cFoi no in\u00edcio de 2021 que a pandemia ganhou mais for\u00e7a e foram adotadas novas medidas de restri\u00e7\u00e3o de atividades econ\u00f4micas, com menor circula\u00e7\u00e3o das pessoas\u201d, menciona a economista do Banco de Dados da C\u00e2mara Brasileira da Ind\u00fastria da Constru\u00e7\u00e3o (CBIC), Ieda Vasconcelos.<\/p>\n\n\n\n<p>Na constru\u00e7\u00e3o civil, o n\u00famero de pessoas ocupadas no referido trimestre foi de 5,991 milh\u00f5es, o que correspondeu a uma queda de 96 mil ocupa\u00e7\u00f5es em rela\u00e7\u00e3o ao trimestre anterior (novembro\/2020 a janeiro\/2021), quando era de 6,088 milh\u00f5es.<\/p>\n\n\n\n<p>A despeito da PNAD envolver o mercado de trabalho formal e informal, \u00e9 importante destacar que o Caged, divulgado pelo Minist\u00e9rio da Economia, j\u00e1 tinha demonstrado, para os meses de mar\u00e7o e abril, menor impulso na gera\u00e7\u00e3o de vagas no setor, em rela\u00e7\u00e3o aos dois primeiros meses do ano. \u201cEsse foi um reflexo das incertezas vivenciadas pelo setor, especialmente em fun\u00e7\u00e3o do elevado incremento nos seus custos\u201d, menciona a economista da CBIC.<\/p>\n\n\n\n<p>De uma forma geral, \u201ca recupera\u00e7\u00e3o do mercado de trabalho depende de uma melhora consistente na economia, o que, para acontecer precisa, necessariamente, do avan\u00e7o no processo de vacina\u00e7\u00e3o. Vale destacar que as proje\u00e7\u00f5es para o crescimento da economia brasileira neste ano est\u00e3o melhorando e j\u00e1 alcan\u00e7am o patamar de 5%\u201d, diz.<\/p>\n\n\n\n<p>Por : Ag\u00eancia CBIC<\/p>\n","protected":false},"excerpt":{"rendered":"<p>O mercado de trabalho continua muito enfraquecido, segundo dados da Pnad Cont\u00ednua divulgados nesta quarta-feira (30\/06) pelo Instituto Brasileiro de Geografia e Estat\u00edstica (IBGE). A taxa de desemprego foi de 14,7% no trimestre registrado entre os meses de fevereiro a abril de 2021, e permaneceu em patamar recorde. O Pa\u00eds, nesse per\u00edodo, possu\u00eda 14,761 milh\u00f5es [&hellip;]<\/p>\n","protected":false},"author":1,"featured_media":332,"comment_status":"open","ping_status":"open","sticky":false,"template":"","format":"standard","meta":{"footnotes":""},"categories":[5],"tags":[],"class_list":["post-326","post","type-post","status-publish","format-standard","has-post-thumbnail","hentry","category-noticias-da-construcao-civil-nacional"],"_links":{"self":[{"href":"https:\/\/sinduscon-rr.org.br\/blog\/wp-json\/wp\/v2\/posts\/326","targetHints":{"allow":["GET"]}}],"collection":[{"href":"https:\/\/sinduscon-rr.org.br\/blog\/wp-json\/wp\/v2\/posts"}],"about":[{"href":"https:\/\/sinduscon-rr.org.br\/blog\/wp-json\/wp\/v2\/types\/post"}],"author":[{"embeddable":true,"href":"https:\/\/sinduscon-rr.org.br\/blog\/wp-json\/wp\/v2\/users\/1"}],"replies":[{"embeddable":true,"href":"https:\/\/sinduscon-rr.org.br\/blog\/wp-json\/wp\/v2\/comments?post=326"}],"version-history":[{"count":3,"href":"https:\/\/sinduscon-rr.org.br\/blog\/wp-json\/wp\/v2\/posts\/326\/revisions"}],"predecessor-version":[{"id":783,"href":"https:\/\/sinduscon-rr.org.br\/blog\/wp-json\/wp\/v2\/posts\/326\/revisions\/783"}],"wp:featuredmedia":[{"embeddable":true,"href":"https:\/\/sinduscon-rr.org.br\/blog\/wp-json\/wp\/v2\/media\/332"}],"wp:attachment":[{"href":"https:\/\/sinduscon-rr.org.br\/blog\/wp-json\/wp\/v2\/media?parent=326"}],"wp:term":[{"taxonomy":"category","embeddable":true,"href":"https:\/\/sinduscon-rr.org.br\/blog\/wp-json\/wp\/v2\/categories?post=326"},{"taxonomy":"post_tag","embeddable":true,"href":"https:\/\/sinduscon-rr.org.br\/blog\/wp-json\/wp\/v2\/tags?post=326"}],"curies":[{"name":"wp","href":"https:\/\/api.w.org\/{rel}","templated":true}]}}