{"id":526,"date":"2021-11-24T09:09:09","date_gmt":"2021-11-24T13:09:09","guid":{"rendered":"https:\/\/sinduscon-rr.org.br\/blog\/?p=526"},"modified":"2021-11-24T09:09:11","modified_gmt":"2021-11-24T13:09:11","slug":"nova-nr-7-saude-ocupacional-e-pcmso-entra-em-vigor-no-dia-3-1-2022","status":"publish","type":"post","link":"https:\/\/sinduscon-rr.org.br\/blog\/nova-nr-7-saude-ocupacional-e-pcmso-entra-em-vigor-no-dia-3-1-2022\/","title":{"rendered":"Nova NR-7 &#8211; Sa\u00fade Ocupacional e PCMSO entra em vigor no dia 3\/1\/2022"},"content":{"rendered":"\n<p>Prevista para entrar em vigor no dia 3 de janeiro de 2022, a nova NR-7, publicada na Portaria n\u00ba 6.734 de 9 de mar\u00e7o de 2020, estabelece as diretrizes e requisitos para a elabora\u00e7\u00e3o e desenvolvimento do Programa de Controle M\u00e9dico de Sa\u00fade Ocupacional (PCMSO). O objetivo \u00e9 proteger e preservar a sa\u00fade dos empregados em rela\u00e7\u00e3o \u00e0 exposi\u00e7\u00e3o aos riscos ocupacionais, conforme avalia\u00e7\u00e3o e riscos do Programa de Gerenciamento de Risco (PGR).<br><br>O PCMSO deve ser elaborado por m\u00e9dico do trabalho indicado pela empresa, sendo essa a respons\u00e1vel tamb\u00e9m por custear, sem \u00f4nus para o empregado, todos os procedimentos relacionados ao programa.<br><br>Al\u00e9m disso, as empresas devem garantir, dentre outros, que o PCMSO:<br><br>Descreva os poss\u00edveis agravos \u00e0 sa\u00fade relacionados aos riscos ocupacionais identificados e classificados no PGR;<br>Contenha planejamento de exames m\u00e9dicos cl\u00ednicos e complementares necess\u00e1rios, conforme os riscos ocupacionais identificados, atendendo ao determinado nos anexos da N-7;<br>Contenha os crit\u00e9rios de interpreta\u00e7\u00e3o e planejamento das condutas relacionadas aos achados dos exames m\u00e9dicos;<br>Seja conhecido e atendido por todos os m\u00e9dicos que realizarem os exames m\u00e9dicos ocupacionais dos empregados;<br>Inclua relat\u00f3rio anal\u00edtico sobre o desenvolvimento do programa.<br>O assunto tem interface com o projeto \u201cElabora\u00e7\u00e3o e Atualiza\u00e7\u00e3o de Conte\u00fados Informativos\/Orientativos para a Ind\u00fastria da Constru\u00e7\u00e3o\u201d da Comiss\u00e3o de Pol\u00edticas de Rela\u00e7\u00f5es Trabalhistas (CPRT) da CBIC, em correaliza\u00e7\u00e3o com o Servi\u00e7o Social da Ind\u00fastria (Sesi Nacional).<br>Por: Ag\u00eancia CBIC<\/p>\n","protected":false},"excerpt":{"rendered":"<p>Prevista para entrar em vigor no dia 3 de janeiro de 2022, a nova NR-7, publicada na Portaria n\u00ba 6.734 de 9 de mar\u00e7o de 2020, estabelece as diretrizes e requisitos para a elabora\u00e7\u00e3o e desenvolvimento do Programa de Controle M\u00e9dico de Sa\u00fade Ocupacional (PCMSO). O objetivo \u00e9 proteger e preservar a sa\u00fade dos empregados [&hellip;]<\/p>\n","protected":false},"author":1,"featured_media":529,"comment_status":"open","ping_status":"open","sticky":false,"template":"","format":"standard","meta":{"footnotes":""},"categories":[1],"tags":[],"class_list":["post-526","post","type-post","status-publish","format-standard","has-post-thumbnail","hentry","category-sem-categoria"],"_links":{"self":[{"href":"https:\/\/sinduscon-rr.org.br\/blog\/wp-json\/wp\/v2\/posts\/526","targetHints":{"allow":["GET"]}}],"collection":[{"href":"https:\/\/sinduscon-rr.org.br\/blog\/wp-json\/wp\/v2\/posts"}],"about":[{"href":"https:\/\/sinduscon-rr.org.br\/blog\/wp-json\/wp\/v2\/types\/post"}],"author":[{"embeddable":true,"href":"https:\/\/sinduscon-rr.org.br\/blog\/wp-json\/wp\/v2\/users\/1"}],"replies":[{"embeddable":true,"href":"https:\/\/sinduscon-rr.org.br\/blog\/wp-json\/wp\/v2\/comments?post=526"}],"version-history":[{"count":2,"href":"https:\/\/sinduscon-rr.org.br\/blog\/wp-json\/wp\/v2\/posts\/526\/revisions"}],"predecessor-version":[{"id":530,"href":"https:\/\/sinduscon-rr.org.br\/blog\/wp-json\/wp\/v2\/posts\/526\/revisions\/530"}],"wp:featuredmedia":[{"embeddable":true,"href":"https:\/\/sinduscon-rr.org.br\/blog\/wp-json\/wp\/v2\/media\/529"}],"wp:attachment":[{"href":"https:\/\/sinduscon-rr.org.br\/blog\/wp-json\/wp\/v2\/media?parent=526"}],"wp:term":[{"taxonomy":"category","embeddable":true,"href":"https:\/\/sinduscon-rr.org.br\/blog\/wp-json\/wp\/v2\/categories?post=526"},{"taxonomy":"post_tag","embeddable":true,"href":"https:\/\/sinduscon-rr.org.br\/blog\/wp-json\/wp\/v2\/tags?post=526"}],"curies":[{"name":"wp","href":"https:\/\/api.w.org\/{rel}","templated":true}]}}