{"id":759,"date":"2022-10-17T09:20:09","date_gmt":"2022-10-17T13:20:09","guid":{"rendered":"https:\/\/sinduscon-rr.org.br\/blog\/?p=759"},"modified":"2022-10-27T11:48:36","modified_gmt":"2022-10-27T15:48:36","slug":"dnsse-industria-da-construcao-esteve-presente-em-roraima","status":"publish","type":"post","link":"https:\/\/sinduscon-rr.org.br\/blog\/dnsse-industria-da-construcao-esteve-presente-em-roraima\/","title":{"rendered":"DNSSE | Ind\u00fastria da Constru\u00e7\u00e3o esteve presente em Roraima"},"content":{"rendered":"\n<p>Roraima tamb\u00e9m participou do\u00a0<strong>Dia Nacional de Seguran\u00e7a e Sa\u00fade nas Escolas | Ind\u00fastria da Constru\u00e7\u00e3o<\/strong>, na sexta-feira (7),\u00a0que encerrou as atividades da Semana CANPAT Constru\u00e7\u00e3o 2022, promovida pela Comiss\u00e3o de Pol\u00edtica de Rela\u00e7\u00f5es Trabalhistas (CPRT) da C\u00e2mara Brasileira da Ind\u00fastria da Constru\u00e7\u00e3o (CBIC).\u00a0<\/p>\n\n\n\n<p>O evento foi realizado em Boa Vista-RR, na escola Centro de Educa\u00e7\u00e3o do Trabalhador Jo\u00e3o de Mendon\u00e7a Furtado \u2013 Escola do SESI, com apoio do Sindicato da Ind\u00fastria da Constru\u00e7\u00e3o Civil de Roraima (Sinduscon-RR) e parceria do\u00a0<a href=\"https:\/\/www.portaldaindustria.com.br\/sesi\/\">Servi\u00e7o Social da Ind\u00fastria<\/a>\u00a0de Roraima (SESI-RR).\u00a0<\/p>\n\n\n\n<p>Import\u00e2ncia da preven\u00e7\u00e3o de acidentes foi o tema destacado pelo representante do Sinduscon-RR, o engenheiro de seguran\u00e7a no trabalho Samuel Costa. Os alunos do 8\u00ba e 9\u00ba&nbsp; ano do ensino fundamental e m\u00e9dio receberam, ainda durante o evento, o instrutor e t\u00e9cnico de seguran\u00e7a no trabalho Ronaldo Ac\u00e1cio, que abordou quest\u00f5es sobre o mercado de trabalho, sobre seguran\u00e7a do trabalho e equipamentos de prote\u00e7\u00e3o utilizados pelos trabalhadores da ind\u00fastria.<\/p>\n\n\n\n<figure class=\"wp-block-gallery has-nested-images columns-default is-cropped wp-block-gallery-1 is-layout-flex wp-block-gallery-is-layout-flex\">\n<figure class=\"wp-block-image size-large\"><img loading=\"lazy\" decoding=\"async\" width=\"1024\" height=\"768\" data-id=\"761\" src=\"https:\/\/sinduscon-rr.org.br\/blog\/wp-content\/uploads\/2022\/10\/turma-da-manha-1024x768.jpeg\" alt=\"\" class=\"wp-image-761\" srcset=\"https:\/\/sinduscon-rr.org.br\/blog\/wp-content\/uploads\/2022\/10\/turma-da-manha-1024x768.jpeg 1024w, https:\/\/sinduscon-rr.org.br\/blog\/wp-content\/uploads\/2022\/10\/turma-da-manha-300x225.jpeg 300w, https:\/\/sinduscon-rr.org.br\/blog\/wp-content\/uploads\/2022\/10\/turma-da-manha-768x576.jpeg 768w, https:\/\/sinduscon-rr.org.br\/blog\/wp-content\/uploads\/2022\/10\/turma-da-manha-1536x1152.jpeg 1536w, https:\/\/sinduscon-rr.org.br\/blog\/wp-content\/uploads\/2022\/10\/turma-da-manha-1200x900.jpeg 1200w, https:\/\/sinduscon-rr.org.br\/blog\/wp-content\/uploads\/2022\/10\/turma-da-manha.jpeg 1600w\" sizes=\"auto, (max-width: 1024px) 100vw, 1024px\" \/><figcaption>Turma da manh\u00e3 &#8211; escola do SESI\/RR<\/figcaption><\/figure>\n<\/figure>\n\n\n\n<p>A diretora da Escola do SESI, Gard\u00eania Cavalcante, destacou que a escola \u00e9 o lugar ideal para iniciar a conscientiza\u00e7\u00e3o.&nbsp; \u201cEste \u00e9 o segundo ano que realizamos a parceria com o Sinduscon para o evento, e tem sido muito produtiva, pois agregamos conhecimento para os nossos jovens trazendo conscientiza\u00e7\u00e3o sobre a sa\u00fade e seguran\u00e7a no ambiente de trabalho, algo muito necess\u00e1rio, uma vez que, em breve, eles estar\u00e3o inseridos no mercado de trabalho, por isso \u00e9 t\u00e3o importante come\u00e7arem a se preparar desde agora, pois certamente levar\u00e3o essas pr\u00e1ticas de preven\u00e7\u00e3o para suas vidas\u201d, disse.&nbsp;<\/p>\n\n\n\n<figure class=\"wp-block-image size-large\"><img loading=\"lazy\" decoding=\"async\" width=\"1024\" height=\"768\" src=\"https:\/\/sinduscon-rr.org.br\/blog\/wp-content\/uploads\/2022\/10\/turma-da-tarde-1024x768.jpeg\" alt=\"\" class=\"wp-image-762\" srcset=\"https:\/\/sinduscon-rr.org.br\/blog\/wp-content\/uploads\/2022\/10\/turma-da-tarde-1024x768.jpeg 1024w, https:\/\/sinduscon-rr.org.br\/blog\/wp-content\/uploads\/2022\/10\/turma-da-tarde-300x225.jpeg 300w, https:\/\/sinduscon-rr.org.br\/blog\/wp-content\/uploads\/2022\/10\/turma-da-tarde-768x576.jpeg 768w, https:\/\/sinduscon-rr.org.br\/blog\/wp-content\/uploads\/2022\/10\/turma-da-tarde-1200x900.jpeg 1200w, https:\/\/sinduscon-rr.org.br\/blog\/wp-content\/uploads\/2022\/10\/turma-da-tarde.jpeg 1280w\" sizes=\"auto, (max-width: 1024px) 100vw, 1024px\" \/><figcaption>Turma da tarde &#8211; escola do SESI\/RR<\/figcaption><\/figure>\n\n\n\n<p>Al\u00e9m da palestra, o evento contou com sorteio de brindes e uma exposi\u00e7\u00e3o onde foram apresentados os equipamentos de seguran\u00e7a individual e coletiva utilizados pelos trabalhadores da ind\u00fastria. \u00d3culos, luvas, m\u00e1scara e cinto de prote\u00e7\u00e3o, entre outros acess\u00f3rios, foram mostrados com o objetivo de demonstrar suas funcionalidades e import\u00e2ncia na prote\u00e7\u00e3o do trabalhador.<\/p>\n\n\n\n<figure class=\"wp-block-image size-large\"><img loading=\"lazy\" decoding=\"async\" width=\"768\" height=\"1024\" src=\"https:\/\/sinduscon-rr.org.br\/blog\/wp-content\/uploads\/2022\/10\/demonstracao-de-equipamentos-para-os-alunos--768x1024.jpeg\" alt=\"\" class=\"wp-image-763\" srcset=\"https:\/\/sinduscon-rr.org.br\/blog\/wp-content\/uploads\/2022\/10\/demonstracao-de-equipamentos-para-os-alunos--768x1024.jpeg 768w, https:\/\/sinduscon-rr.org.br\/blog\/wp-content\/uploads\/2022\/10\/demonstracao-de-equipamentos-para-os-alunos--225x300.jpeg 225w, https:\/\/sinduscon-rr.org.br\/blog\/wp-content\/uploads\/2022\/10\/demonstracao-de-equipamentos-para-os-alunos--1152x1536.jpeg 1152w, https:\/\/sinduscon-rr.org.br\/blog\/wp-content\/uploads\/2022\/10\/demonstracao-de-equipamentos-para-os-alunos-.jpeg 1200w\" sizes=\"auto, (max-width: 768px) 100vw, 768px\" \/><\/figure>\n\n\n\n<p>O aluno da 1\u00aa s\u00e9rie do ensino m\u00e9dio, Fernando Lopes Moraes fez quest\u00e3o de destacar a import\u00e2ncia do evento. \u201c(o evento) veio fortalecer o que a institui\u00e7\u00e3o SESI prega e atua na seguran\u00e7a no trabalho. Tamb\u00e9m o uso de forma assertiva das ferramentas de seguran\u00e7a e o alerta na sa\u00fade do trabalhador. A apresenta\u00e7\u00e3o dos materiais na pr\u00e1tica foi interessante, assim fomentou a utiliza\u00e7\u00e3o correta. E no futuro bem pr\u00f3ximo estarei fazendo parte deste mercado de trabalho\u201d, afirmou.&nbsp;<\/p>\n\n\n\n<figure class=\"wp-block-image size-large\"><img loading=\"lazy\" decoding=\"async\" width=\"1024\" height=\"768\" src=\"https:\/\/sinduscon-rr.org.br\/blog\/wp-content\/uploads\/2022\/10\/entrega-de-brindes-1024x768.jpeg\" alt=\"\" class=\"wp-image-764\" srcset=\"https:\/\/sinduscon-rr.org.br\/blog\/wp-content\/uploads\/2022\/10\/entrega-de-brindes-1024x768.jpeg 1024w, https:\/\/sinduscon-rr.org.br\/blog\/wp-content\/uploads\/2022\/10\/entrega-de-brindes-300x225.jpeg 300w, https:\/\/sinduscon-rr.org.br\/blog\/wp-content\/uploads\/2022\/10\/entrega-de-brindes-768x576.jpeg 768w, https:\/\/sinduscon-rr.org.br\/blog\/wp-content\/uploads\/2022\/10\/entrega-de-brindes-1200x900.jpeg 1200w, https:\/\/sinduscon-rr.org.br\/blog\/wp-content\/uploads\/2022\/10\/entrega-de-brindes.jpeg 1280w\" sizes=\"auto, (max-width: 1024px) 100vw, 1024px\" \/><\/figure>\n\n\n\n<p>O professor de L\u00edngua Inglesa SESI\/SENAI, Jorge Castelo do Nascimento, refor\u00e7ou ainda a import\u00e2ncia que uma simples mudan\u00e7a de atitude faz ao realizar atividades com seguran\u00e7a, para preservar a integridade f\u00edsica e evitar acidentes. \u201cDiscentes, docentes e coordenadoras presentes na palestra entenderam a import\u00e2ncia de seguir as regras de seguran\u00e7a na integridade \u00e0 vida e de serem propagadores da cultura prevencionista\u201d, relatou.<\/p>\n\n\n\n<p>O tema tem interface com o projeto \u201cRealiza\u00e7\u00e3o\/Participa\u00e7\u00e3o de\/em Eventos Tem\u00e1ticos de RT\/SST\u201d, da Comiss\u00e3o de Pol\u00edticas de Rela\u00e7\u00f5es Trabalhistas (CPRT) da CBIC, com a correaliza\u00e7\u00e3o do Servi\u00e7o Social da Ind\u00fastria (Sesi).<\/p>\n","protected":false},"excerpt":{"rendered":"<p>Roraima tamb\u00e9m participou do\u00a0Dia Nacional de Seguran\u00e7a e Sa\u00fade nas Escolas | Ind\u00fastria da Constru\u00e7\u00e3o, na sexta-feira (7),\u00a0que encerrou as atividades da Semana CANPAT Constru\u00e7\u00e3o 2022, promovida pela Comiss\u00e3o de Pol\u00edtica de Rela\u00e7\u00f5es Trabalhistas (CPRT) da C\u00e2mara Brasileira da Ind\u00fastria da Constru\u00e7\u00e3o (CBIC).\u00a0 O evento foi realizado em Boa Vista-RR, na escola Centro de Educa\u00e7\u00e3o [&hellip;]<\/p>\n","protected":false},"author":1,"featured_media":760,"comment_status":"open","ping_status":"open","sticky":false,"template":"","format":"standard","meta":{"footnotes":""},"categories":[1],"tags":[],"class_list":["post-759","post","type-post","status-publish","format-standard","has-post-thumbnail","hentry","category-sem-categoria"],"_links":{"self":[{"href":"https:\/\/sinduscon-rr.org.br\/blog\/wp-json\/wp\/v2\/posts\/759","targetHints":{"allow":["GET"]}}],"collection":[{"href":"https:\/\/sinduscon-rr.org.br\/blog\/wp-json\/wp\/v2\/posts"}],"about":[{"href":"https:\/\/sinduscon-rr.org.br\/blog\/wp-json\/wp\/v2\/types\/post"}],"author":[{"embeddable":true,"href":"https:\/\/sinduscon-rr.org.br\/blog\/wp-json\/wp\/v2\/users\/1"}],"replies":[{"embeddable":true,"href":"https:\/\/sinduscon-rr.org.br\/blog\/wp-json\/wp\/v2\/comments?post=759"}],"version-history":[{"count":6,"href":"https:\/\/sinduscon-rr.org.br\/blog\/wp-json\/wp\/v2\/posts\/759\/revisions"}],"predecessor-version":[{"id":781,"href":"https:\/\/sinduscon-rr.org.br\/blog\/wp-json\/wp\/v2\/posts\/759\/revisions\/781"}],"wp:featuredmedia":[{"embeddable":true,"href":"https:\/\/sinduscon-rr.org.br\/blog\/wp-json\/wp\/v2\/media\/760"}],"wp:attachment":[{"href":"https:\/\/sinduscon-rr.org.br\/blog\/wp-json\/wp\/v2\/media?parent=759"}],"wp:term":[{"taxonomy":"category","embeddable":true,"href":"https:\/\/sinduscon-rr.org.br\/blog\/wp-json\/wp\/v2\/categories?post=759"},{"taxonomy":"post_tag","embeddable":true,"href":"https:\/\/sinduscon-rr.org.br\/blog\/wp-json\/wp\/v2\/tags?post=759"}],"curies":[{"name":"wp","href":"https:\/\/api.w.org\/{rel}","templated":true}]}}